{"id":1081,"__str__":"Parecer Jur\u00eddico - Parecer Jur\u00eddico de 16/09/2025 por ","link_detail_backend":"/materia/documentoacessorio/1081","metadata":{},"nome":"Parecer Jur\u00eddico","data":"2025-09-16","autor":"","ementa":"","indexacao":"","arquivo":"http://sapl.franciscobeltrao.pr.leg.br/media/sapl/public/documentoacessorio/2025/1081/parecer_juridico_-_pl_51-25_do_executivo.pdf","data_ultima_atualizacao":"2025-09-16T10:10:03.508531-03:00","materia":6955,"tipo":9}