{"id":1350,"__str__":"Parecer - COMISS\u00c3O DE REDA\u00c7\u00c3O E JUSTI\u00c7A de 24/11/2025 por ","link_detail_backend":"/materia/documentoacessorio/1350","metadata":{},"nome":"COMISS\u00c3O DE REDA\u00c7\u00c3O E JUSTI\u00c7A","data":"2025-11-24","autor":"","ementa":"","indexacao":"","arquivo":"http://sapl.franciscobeltrao.pr.leg.br/media/sapl/public/documentoacessorio/2025/1350/parecer_redacao_-_pl_69-2025_do_executivo.pdf","data_ultima_atualizacao":"2025-11-24T17:11:51.684523-03:00","materia":7179,"tipo":5}