{"id":1418,"__str__":"Parecer - COMISS\u00c3O DE REDA\u00c7\u00c3O E JUSTI\u00c7A de 12/12/2025 por ","link_detail_backend":"/materia/documentoacessorio/1418","metadata":{},"nome":"COMISS\u00c3O DE REDA\u00c7\u00c3O E JUSTI\u00c7A","data":"2025-12-12","autor":"","ementa":"","indexacao":"","arquivo":"http://sapl.franciscobeltrao.pr.leg.br/media/sapl/public/documentoacessorio/2025/1418/comissao_redacao_e_justica_pl_90.pdf","data_ultima_atualizacao":"2025-12-16T08:50:26.129697-03:00","materia":7385,"tipo":5}