{"id":167,"__str__":"Parecer - Parecer da Comiss\u00e3o de Reda\u00e7\u00e3o e Justi\u00e7a de 29/06/2023 por Comiss\u00e3o Permanente de Reda\u00e7\u00e3o e Justi\u00e7a","link_detail_backend":"/materia/documentoacessorio/167","metadata":{},"nome":"Parecer da Comiss\u00e3o de Reda\u00e7\u00e3o e Justi\u00e7a","data":"2023-06-29","autor":"Comiss\u00e3o Permanente de Reda\u00e7\u00e3o e Justi\u00e7a","ementa":"","indexacao":"","arquivo":"http://sapl.franciscobeltrao.pr.leg.br/media/sapl/public/documentoacessorio/2023/167/parecer_crj_-_pl_no_37_-_legislativo_20230629_0001.pdf","data_ultima_atualizacao":"2023-06-29T15:27:11.568692-03:00","materia":4855,"tipo":5}