{"id":169,"__str__":"Parecer - Reuni\u00e3o da Comiss\u00e3o Permanente da Comiss\u00e3o de Educ de 04/07/2023 por Comiss\u00e3o Permanente de Educa\u00e7\u00e3o, Cultura e Esporte","link_detail_backend":"/materia/documentoacessorio/169","metadata":{},"nome":"Reuni\u00e3o da Comiss\u00e3o Permanente da Comiss\u00e3o de Educ","data":"2023-07-04","autor":"Comiss\u00e3o Permanente de Educa\u00e7\u00e3o, Cultura e Esporte","ementa":"","indexacao":"","arquivo":"http://sapl.franciscobeltrao.pr.leg.br/media/sapl/public/documentoacessorio/2023/169/parecer_cece_-_projeto_no_38-2023_-_legislativo_20230704_0001.pdf","data_ultima_atualizacao":"2023-07-04T16:43:58.523253-03:00","materia":4860,"tipo":5}