{"id":236,"__str__":"Parecer - PARECER COMISSAO RJ de 06/09/2023 por RELATOR REDA\u00c7\u00c3O E JUSTI\u00c7A","link_detail_backend":"/materia/documentoacessorio/236","metadata":{},"nome":"PARECER COMISSAO RJ","data":"2023-09-06","autor":"RELATOR REDA\u00c7\u00c3O E JUSTI\u00c7A","ementa":"","indexacao":"","arquivo":"http://sapl.franciscobeltrao.pr.leg.br/media/sapl/public/documentoacessorio/2023/236/img_20230911_0003.pdf","data_ultima_atualizacao":"2023-09-11T16:14:22.955786-03:00","materia":4960,"tipo":5}