{"id":35,"__str__":"Parecer - Parecer da Comiss\u00e3o de Sa\u00fade, Bem-Estar e Meio Amb de 27/03/2023 por Comiss\u00e3o Permanente de Sa\u00fade, Bem-Estar e Meio Ambiente","link_detail_backend":"/materia/documentoacessorio/35","metadata":{},"nome":"Parecer da Comiss\u00e3o de Sa\u00fade, Bem-Estar e Meio Amb","data":"2023-03-27","autor":"Comiss\u00e3o Permanente de Sa\u00fade, Bem-Estar e Meio Ambiente","ementa":"","indexacao":"","arquivo":"http://sapl.franciscobeltrao.pr.leg.br/media/sapl/public/documentoacessorio/2023/35/parecer_com._saude_projeto_07-2023_20230410_0001.pdf","data_ultima_atualizacao":"2023-04-10T15:59:28.619788-03:00","materia":4502,"tipo":5}