{"id":481,"__str__":"Parecer - PARECER RELATOR REDA\u00c7\u00c3O E JUSTI\u00c7A de 15/07/2024 por RELATOR","link_detail_backend":"/materia/documentoacessorio/481","metadata":{},"nome":"PARECER RELATOR REDA\u00c7\u00c3O E JUSTI\u00c7A","data":"2024-07-15","autor":"RELATOR","ementa":"","indexacao":"","arquivo":"http://sapl.franciscobeltrao.pr.leg.br/media/sapl/public/documentoacessorio/2024/481/parecer_relator_comissao_redacao_e_justica__emenda_aditiva_-_pl_013_-_executivo.pdf","data_ultima_atualizacao":"2024-07-17T14:40:17.143578-03:00","materia":5546,"tipo":5}