{"id":598,"__str__":"Parecer Jur\u00eddico - PARECER JUR\u00cdDICO de 21/02/2025 por ","link_detail_backend":"/materia/documentoacessorio/598","metadata":{},"nome":"PARECER JUR\u00cdDICO","data":"2025-02-21","autor":"","ementa":"","indexacao":"","arquivo":"http://sapl.franciscobeltrao.pr.leg.br/media/sapl/public/documentoacessorio/2025/598/parecer_juridico_plex_05-2025_dispoe_sobre_o_estagio_de_estudantes_nos_orgaos_do_poder_executivo..pdf","data_ultima_atualizacao":"2025-02-21T17:07:01.155397-03:00","materia":5911,"tipo":9}