{"id":603,"__str__":"Parecer - PARECER DA COMISS\u00c3O DE REDA\u00c7\u00c3O E JUSTI\u00c7A de 27/02/2025 por ","link_detail_backend":"/materia/documentoacessorio/603","metadata":{},"nome":"PARECER DA COMISS\u00c3O DE REDA\u00c7\u00c3O E JUSTI\u00c7A","data":"2025-02-27","autor":"","ementa":"","indexacao":"","arquivo":"http://sapl.franciscobeltrao.pr.leg.br/media/sapl/public/documentoacessorio/2025/603/parecer_redacao_e_justica_-_emenda_01-25_do_executivo.pdf","data_ultima_atualizacao":"2025-02-27T11:10:33.804817-03:00","materia":5987,"tipo":5}