{"id":633,"__str__":"Parecer Jur\u00eddico - PARECER JUR\u00cdDICO de 11/04/2025 por ","link_detail_backend":"/materia/documentoacessorio/633","metadata":{},"nome":"PARECER JUR\u00cdDICO","data":"2025-04-11","autor":"","ementa":"","indexacao":"","arquivo":"http://sapl.franciscobeltrao.pr.leg.br/media/sapl/public/documentoacessorio/2025/633/parecer_juridico_pl_07_do_executivo.pdf","data_ultima_atualizacao":"2025-04-11T16:56:51.052324-03:00","materia":6144,"tipo":9}