{"id":688,"__str__":"Parecer Jur\u00eddico - PARECER JUR\u00cdDICO de 09/05/2025 por ","link_detail_backend":"/materia/documentoacessorio/688","metadata":{},"nome":"PARECER JUR\u00cdDICO","data":"2025-05-09","autor":"","ementa":"","indexacao":"","arquivo":"http://sapl.franciscobeltrao.pr.leg.br/media/sapl/public/documentoacessorio/2025/688/parecer_juridico.pdf","data_ultima_atualizacao":"2025-05-09T09:32:36.530318-03:00","materia":6443,"tipo":9}