{"id":704,"__str__":"Parecer - PARECER DA COMISS\u00c3O DE FINAN\u00c7AS E OR\u00c7AMENTO de 23/05/2025 por ","link_detail_backend":"/materia/documentoacessorio/704","metadata":{},"nome":"PARECER DA COMISS\u00c3O DE FINAN\u00c7AS E OR\u00c7AMENTO","data":"2025-05-23","autor":"","ementa":"","indexacao":"","arquivo":"http://sapl.franciscobeltrao.pr.leg.br/media/sapl/public/documentoacessorio/2025/704/parecer_financas_-_pl_28-25_executivo.pdf","data_ultima_atualizacao":"2025-05-26T12:38:25.962996-03:00","materia":6480,"tipo":5}