{"id":734,"__str__":"Parecer Jur\u00eddico - PARECER JUR\u00cdDICO de 06/06/2025 por ","link_detail_backend":"/materia/documentoacessorio/734","metadata":{},"nome":"PARECER JUR\u00cdDICO","data":"2025-06-06","autor":"","ementa":"","indexacao":"","arquivo":"http://sapl.franciscobeltrao.pr.leg.br/media/sapl/public/documentoacessorio/2025/734/parecer_juridico_pl_24-25_executivo.pdf","data_ultima_atualizacao":"2025-06-09T15:35:28.763202-03:00","materia":6445,"tipo":9}