{"id":955,"__str__":"Parecer - COMISS\u00c3O DE REDA\u00c7\u00c3O E JUSTI\u00c7A de 08/08/2025 por ","link_detail_backend":"/materia/documentoacessorio/955","metadata":{},"nome":"COMISS\u00c3O DE REDA\u00c7\u00c3O E JUSTI\u00c7A","data":"2025-08-08","autor":"","ementa":"","indexacao":"","arquivo":"http://sapl.franciscobeltrao.pr.leg.br/media/sapl/public/documentoacessorio/2025/955/parecer_redacao_-_emenda_01-25_ao_pl_11-25_do_legislativo.pdf","data_ultima_atualizacao":"2025-08-12T08:45:16.179449-03:00","materia":6828,"tipo":5}