{"id":98,"__str__":"Parecer - Parecer e Vota\u00e7\u00e3o de 29/05/2023 por Comiss\u00e3o Permanente de Reda\u00e7\u00e3o e Justi\u00e7a","link_detail_backend":"/materia/documentoacessorio/98","metadata":{},"nome":"Parecer e Vota\u00e7\u00e3o","data":"2023-05-29","autor":"Comiss\u00e3o Permanente de Reda\u00e7\u00e3o e Justi\u00e7a","ementa":"","indexacao":"","arquivo":"http://sapl.franciscobeltrao.pr.leg.br/media/sapl/public/documentoacessorio/2023/98/parecer_comissao_de_redacao_e_justica_-_pl_no_21-2023_20230531_0001.pdf","data_ultima_atualizacao":"2023-05-31T16:14:06.116901-03:00","materia":4740,"tipo":5}