{"id":1282,"__str__":"Requerimento n\u00ba 265 de 2018","link_detail_backend":"/materia/1282","metadata":{},"numero":265,"ano":2018,"numero_protocolo":null,"data_apresentacao":"2018-11-13","tipo_apresentacao":"","data_publicacao":null,"numero_origem_externa":"","ano_origem_externa":null,"data_origem_externa":null,"apelido":"","dias_prazo":null,"data_fim_prazo":null,"em_tramitacao":false,"polemica":null,"objeto":"","complementar":null,"ementa":"REQUERER, ap\u00f3s ouvido o plen\u00e1rio, seja encaminhado Of\u00edcio ao Executivo Municipal, atrav\u00e9s do Setor Competente, solicitando informa\u00e7\u00f5es da aplicabilidade da LEI ESTADUAL N\u00ba 19.534, 04 DE JUNHO DE 2018, que \u201cDisp\u00f5e sobre a obrigatoriedade da apresenta\u00e7\u00e3o da carteira de vacina\u00e7\u00e3o no ato da matr\u00edcula escolar\u201d.","indexacao":"","observacao":"","resultado":"","texto_original":"http://sapl.franciscobeltrao.pr.leg.br/media/sapl/public/materialegislativa/2018/1282/elenir_-_requerimento_no_265-18-_vacinas_matricula.doc","data_ultima_atualizacao":"2020-07-31T13:56:54.984139-03:00","ip":"186.250.37.221","ultima_edicao":"2020-07-31T13:56:17.067457-03:00","tipo":1,"regime_tramitacao":4,"tipo_origem_externa":null,"local_origem_externa":null,"user":4,"anexadas":[],"autores":[5]}