{"id":2230,"__str__":"Requerimento n\u00ba 117 de 2017","link_detail_backend":"/materia/2230","metadata":{},"numero":117,"ano":2017,"numero_protocolo":null,"data_apresentacao":"2017-04-18","tipo_apresentacao":"E","data_publicacao":null,"numero_origem_externa":"","ano_origem_externa":null,"data_origem_externa":null,"apelido":"","dias_prazo":null,"data_fim_prazo":null,"em_tramitacao":false,"polemica":false,"objeto":"","complementar":false,"ementa":"REQUERER a Mesa Diretora da C\u00e2mara Municipal de Vereadores, ap\u00f3s ouvido o plen\u00e1rio, que seja realizada audi\u00eancia p\u00fablica nessa Casa de Leis, em data a ser agendada, para discutir sobre a cria\u00e7\u00e3o da Guarda Municipal em Francisco Beltr\u00e3o, conforme Projeto de Lei n\u00ba 014/17 do Executivo em tramita\u00e7\u00e3o.","indexacao":"","observacao":"","resultado":"","texto_original":"http://sapl.franciscobeltrao.pr.leg.br/media/sapl/public/materialegislativa/2017/2230/ze_carlos_-_requerimento_no_117-17_-_audiencia_publica_guarda_municipal.doc","data_ultima_atualizacao":"2020-10-02T16:23:24.580703-03:00","ip":"177.101.136.92","ultima_edicao":"2020-10-02T16:21:12.313737-03:00","tipo":1,"regime_tramitacao":4,"tipo_origem_externa":null,"local_origem_externa":null,"user":33,"anexadas":[],"autores":[7]}