{"id":2293,"__str__":"Requerimento n\u00ba 178 de 2017","link_detail_backend":"/materia/2293","metadata":{},"numero":178,"ano":2017,"numero_protocolo":null,"data_apresentacao":"2017-05-14","tipo_apresentacao":"E","data_publicacao":null,"numero_origem_externa":"","ano_origem_externa":null,"data_origem_externa":null,"apelido":"","dias_prazo":null,"data_fim_prazo":null,"em_tramitacao":false,"polemica":false,"objeto":"","complementar":false,"ementa":"REQUERER, ap\u00f3s ouvido o plen\u00e1rio, que seja encaminhado Of\u00edcio ao Executivo Municipal, atrav\u00e9s do Setor Competente, solicitando informa\u00e7\u00f5es da possibilidade de proceder melhorias nos seguintes pontos cr\u00edticos, principalmente nas rampas de acessibilidade para cadeirantes, conforme oficio em anexo:\r\n\u2022\tRua S\u00e3o Paulo, esquina com a Avenida Luiz Antonio Faedo, pr\u00f3ximo a imobili\u00e1ria Pioneira;\r\n\u2022\tRua Maring\u00e1, esquina com a Avenida J\u00falio Assis Cavalheiro, pr\u00f3ximo a retifica de motores Sanderson;\r\n\u2022\tRua Uni\u00e3o da Vit\u00f3ria, esquina com a Avenida J\u00falio Assis Cavalheiro, pr\u00f3ximo ao CEEBJA;\r\n\u2022\tRua Campo Largo, em frente ao Bar do J\u00f4sse;\r\n\u2022\tRua Romeu Lauro Werlang, esquina com a Rua Santo Fregonese;\r\n\u2022\tRua Santo Fregonense.","indexacao":"","observacao":"","resultado":"","texto_original":"http://sapl.franciscobeltrao.pr.leg.br/media/sapl/public/materialegislativa/2017/2293/elenir_-_requerimento_no_178-17_-_pontos_critico_acessibilidade.doc","data_ultima_atualizacao":"2020-10-05T09:22:45.889908-03:00","ip":"177.101.136.92","ultima_edicao":"2020-10-05T09:22:11.602805-03:00","tipo":1,"regime_tramitacao":4,"tipo_origem_externa":null,"local_origem_externa":null,"user":33,"anexadas":[],"autores":[5]}