{"id":2606,"__str__":"Requerimento n\u00ba 9 de 2021","link_detail_backend":"/materia/2606","metadata":{},"numero":9,"ano":2021,"numero_protocolo":27,"data_apresentacao":"2021-02-02","tipo_apresentacao":"E","data_publicacao":null,"numero_origem_externa":"","ano_origem_externa":null,"data_origem_externa":null,"apelido":"","dias_prazo":null,"data_fim_prazo":null,"em_tramitacao":true,"polemica":false,"objeto":"","complementar":false,"ementa":"REQUERER, ap\u00f3s ouvido o plen\u00e1rio, que seja encaminhado Of\u00edcio \u00e1 Empresa Guancino Transporte Coletivo Ltda, por meio de seu representante Muran Almeida, solicitando informa\u00e7\u00f5es sobre a frota de \u00f4nibus e ve\u00edculos utilizados no transporte p\u00fablico municipal, como o tempo de uso, o ano de fabrica\u00e7\u00e3o de cada ve\u00edculo de transporte e documenta\u00e7\u00e3o relativa a manuten\u00e7\u00e3o e revis\u00e3o dentro do tempo adequado para cada ve\u00edculo.","indexacao":"","observacao":"","resultado":"","texto_original":"http://sapl.franciscobeltrao.pr.leg.br/media/sapl/public/materialegislativa/2021/2606/pedro_tufao_-_requerimento_no_09-2021__-_oficio_a_guancino.doc","data_ultima_atualizacao":"2021-02-02T09:30:18.582705-03:00","ip":"177.101.137.155","ultima_edicao":"2021-02-02T09:30:18.582446-03:00","tipo":1,"regime_tramitacao":4,"tipo_origem_externa":null,"local_origem_externa":null,"user":2,"anexadas":[],"autores":[46]}