{"id":2726,"__str__":"Projeto de Resolu\u00e7\u00e3o n\u00ba 2 de 2021","link_detail_backend":"/materia/2726","metadata":{},"numero":2,"ano":2021,"numero_protocolo":160,"data_apresentacao":"2021-03-12","tipo_apresentacao":"E","data_publicacao":null,"numero_origem_externa":"","ano_origem_externa":null,"data_origem_externa":null,"apelido":"","dias_prazo":null,"data_fim_prazo":null,"em_tramitacao":false,"polemica":false,"objeto":"","complementar":false,"ementa":"Institui a Frente Parlamentar em Defesa dos Animais na C\u00e2mara de Vereadores de Francisco Beltr\u00e3o e d\u00e1 outras provid\u00eancias.","indexacao":"","observacao":"","resultado":"","texto_original":"http://sapl.franciscobeltrao.pr.leg.br/media/sapl/public/materialegislativa/2021/2726/projeto_de_resolucao_02-2021_tiago_-_jean-_frente_parlamentar_em_defesa_dos_animais.doc","data_ultima_atualizacao":"2021-04-20T14:18:43.715268-03:00","ip":"177.101.137.155","ultima_edicao":"2021-04-12T08:14:45.075302-03:00","tipo":19,"regime_tramitacao":1,"tipo_origem_externa":null,"local_origem_externa":null,"user":2,"anexadas":[],"autores":[43,49]}