{"id":2802,"__str__":"Requerimento n\u00ba 71 de 2021","link_detail_backend":"/materia/2802","metadata":{},"numero":71,"ano":2021,"numero_protocolo":242,"data_apresentacao":"2021-03-29","tipo_apresentacao":"E","data_publicacao":null,"numero_origem_externa":"","ano_origem_externa":null,"data_origem_externa":null,"apelido":"","dias_prazo":null,"data_fim_prazo":null,"em_tramitacao":true,"polemica":false,"objeto":"","complementar":false,"ementa":"VOTO DE PESAR, pelo falecimento do Senhor Ajair Menin, ocorrido no dia 25 de mar\u00e7o de 2021, devido infec\u00e7\u00e3o causada pelo COVID-19.","indexacao":"","observacao":"","resultado":"","texto_original":"http://sapl.franciscobeltrao.pr.leg.br/media/sapl/public/materialegislativa/2021/2802/ronaldo_-_requerimento_no_071-21_-_voto_de_pesar_ajair_menin.doc","data_ultima_atualizacao":"2021-03-29T08:19:12.403137-03:00","ip":"177.101.137.155","ultima_edicao":"2021-03-29T08:19:12.402911-03:00","tipo":1,"regime_tramitacao":4,"tipo_origem_externa":null,"local_origem_externa":null,"user":2,"anexadas":[],"autores":[10]}