{"id":297,"__str__":"Indica\u00e7\u00e3o n\u00ba 78 de 2020","link_detail_backend":"/materia/297","metadata":{},"numero":78,"ano":2020,"numero_protocolo":149,"data_apresentacao":"2020-03-17","tipo_apresentacao":"E","data_publicacao":null,"numero_origem_externa":"","ano_origem_externa":null,"data_origem_externa":null,"apelido":"","dias_prazo":null,"data_fim_prazo":null,"em_tramitacao":true,"polemica":null,"objeto":"","complementar":null,"ementa":"INDICAR, ao Executivo Municipal, atrav\u00e9s do Setor competente, que proceda a revitaliza\u00e7\u00e3o das ruas Ipanema e Rua da Lapa, no bairro Jardim Floresta, pr\u00f3ximo \u00e0 esta\u00e7\u00e3o de energia, com pintura da sinaliza\u00e7\u00e3o horizontal e a coloca\u00e7\u00e3o de tach\u00e3o refletivo na divis\u00e3o da primeira, devido sua bifurca\u00e7\u00e3o.","indexacao":"","observacao":"","resultado":"","texto_original":"http://sapl.franciscobeltrao.pr.leg.br/media/sapl/public/materialegislativa/2020/297/ademir_-_indicacao_no_078-2020_-_revitalizacao_da_rua_ipanema_jardim_floresta_com_pintura_da_sinalizacao_com_tacha_refletiva.doc","data_ultima_atualizacao":"2020-03-17T11:26:49.447945-03:00","ip":"","ultima_edicao":null,"tipo":2,"regime_tramitacao":4,"tipo_origem_externa":null,"local_origem_externa":null,"user":null,"anexadas":[],"autores":[1]}