{"id":3552,"__str__":"Emenda n\u00ba 28 de 2021","link_detail_backend":"/materia/3552","metadata":{},"numero":28,"ano":2021,"numero_protocolo":1021,"data_apresentacao":"2021-11-30","tipo_apresentacao":"E","data_publicacao":null,"numero_origem_externa":"","ano_origem_externa":null,"data_origem_externa":null,"apelido":"","dias_prazo":null,"data_fim_prazo":null,"em_tramitacao":false,"polemica":false,"objeto":"","complementar":false,"ementa":"EMENDA ADITIVA n\u00ba 010/21 - PL 78/21\r\n\r\nEmenda Aditiva na Descri\u00e7\u00e3o do Projeto de Lei n\u00ba 78/21 do Executivo, que Disp\u00f5e sobre o Plano Plurianual do Munic\u00edpio de Francisco Beltr\u00e3o para o per\u00edodo de 2022 a 2025 e d\u00e1 outras provid\u00eancias, conforme abaixo descrito, que passa ter a seguinte reda\u00e7\u00e3o: \r\n\r\nPrograma: 1001 \u2013 Sa\u00fade para Nossa Gente\r\nC\u00f3digo: 51 - Rede Municipal de Sa\u00fade\r\nFun\u00e7\u00e3o: 10 Sa\u00fade\r\nSubfun\u00e7\u00e3o: 301 Aten\u00e7\u00e3o B\u00e1sica\r\nDescri\u00e7\u00e3o complementar \u2013 [...]\r\n- Levantar estudos para implanta\u00e7\u00e3o do Estrat\u00e9gia de Sa\u00fade da Fam\u00edlia (ESF) para a Comunidade da Sec\u00e7\u00e3o Jacar\u00e9.","indexacao":"","observacao":"","resultado":"","texto_original":"http://sapl.franciscobeltrao.pr.leg.br/media/sapl/public/materialegislativa/2021/3552/10_emenda_ppa__-junior-_programa_saude_da_familia.docx","data_ultima_atualizacao":"2021-12-07T14:28:21.337480-03:00","ip":"177.101.137.155","ultima_edicao":"2021-11-30T15:14:38.759321-03:00","tipo":4,"regime_tramitacao":1,"tipo_origem_externa":null,"local_origem_externa":null,"user":2,"anexadas":[],"autores":[44]}