{"id":3672,"__str__":"Requerimento n\u00ba 25 de 2022","link_detail_backend":"/materia/3672","metadata":{},"numero":25,"ano":2022,"numero_protocolo":92,"data_apresentacao":"2022-02-22","tipo_apresentacao":"E","data_publicacao":null,"numero_origem_externa":"","ano_origem_externa":null,"data_origem_externa":null,"apelido":"","dias_prazo":null,"data_fim_prazo":null,"em_tramitacao":false,"polemica":false,"objeto":"","complementar":false,"ementa":"REQUERER, a Mesa Diretora da C\u00e2mara Municipal de Vereadores, que promova audi\u00eancia p\u00fablica nessa Casa de Leis, em data a ser agendada, com o objetivo de discutir o Projeto de Lei n\u00ba 03/2022 de autoria do Prefeito Cleber Fontana, o qual prev\u00ea a extin\u00e7\u00e3o de 959 (novecentos e cinquenta e nove) cargos efetivos do munic\u00edpio dentre cargos ocupados e vagas dispon\u00edveis, incluindo-se ai cargos de profissionais da sa\u00fade.","indexacao":"","observacao":"","resultado":"","texto_original":"http://sapl.franciscobeltrao.pr.leg.br/media/sapl/public/materialegislativa/2022/3672/tiago_e_jean_-_requerimento__-25-2022_de_audiencia_publica_-_projeto_03-2022.doc","data_ultima_atualizacao":"2022-02-28T14:22:39.072575-03:00","ip":"177.101.137.155","ultima_edicao":"2022-02-22T09:43:03.651110-03:00","tipo":1,"regime_tramitacao":1,"tipo_origem_externa":null,"local_origem_externa":null,"user":2,"anexadas":[],"autores":[43,49]}