{"id":3710,"__str__":"Requerimento n\u00ba 36 de 2022","link_detail_backend":"/materia/3710","metadata":{},"numero":36,"ano":2022,"numero_protocolo":132,"data_apresentacao":"2022-03-07","tipo_apresentacao":"E","data_publicacao":null,"numero_origem_externa":"","ano_origem_externa":null,"data_origem_externa":null,"apelido":"","dias_prazo":null,"data_fim_prazo":null,"em_tramitacao":false,"polemica":false,"objeto":"","complementar":false,"ementa":"REQUERER, ap\u00f3s ouvido o plen\u00e1rio, que seja encaminhado Of\u00edcio ao Executivo Munic\u00edpio Municipal, solicitando informa\u00e7\u00f5es se existe previs\u00e3o para flexibiliza\u00e7\u00e3o do uso de mascaras anti-covid em nosso munic\u00edpio.","indexacao":"","observacao":"","resultado":"","texto_original":"http://sapl.franciscobeltrao.pr.leg.br/media/sapl/public/materialegislativa/2022/3710/jean_-_requerimento_no_36-22_informacoes_previsao_par_aflexibilizar_uso_de_mascaras.doc","data_ultima_atualizacao":"2022-03-08T14:22:14.491958-03:00","ip":"177.101.137.155","ultima_edicao":"2022-03-08T13:45:13.650279-03:00","tipo":1,"regime_tramitacao":1,"tipo_origem_externa":null,"local_origem_externa":null,"user":2,"anexadas":[3962],"autores":[43]}