{"id":3729,"__str__":"Of\u00edcio de Resposta \u00e0s Proposi\u00e7\u00f5es n\u00ba 4 de 2022","link_detail_backend":"/materia/3729","metadata":{},"numero":4,"ano":2022,"numero_protocolo":154,"data_apresentacao":"2022-03-14","tipo_apresentacao":"","data_publicacao":null,"numero_origem_externa":"","ano_origem_externa":null,"data_origem_externa":null,"apelido":"","dias_prazo":null,"data_fim_prazo":null,"em_tramitacao":true,"polemica":false,"objeto":"","complementar":false,"ementa":"A Administra\u00e7\u00e3o P\u00fablica agradece e acusa o recebimento, informando que torce pelo sucesso da reivindica\u00e7\u00e3o.","indexacao":"","observacao":"","resultado":"","texto_original":"http://sapl.franciscobeltrao.pr.leg.br/media/sapl/public/materialegislativa/2022/3729/476.2021_-_responde_proposicao_240_-_silmar_gallina.pdf","data_ultima_atualizacao":"2022-03-14T09:49:47.357080-03:00","ip":"","ultima_edicao":null,"tipo":21,"regime_tramitacao":4,"tipo_origem_externa":null,"local_origem_externa":null,"user":null,"anexadas":[],"autores":[36]}