{"id":381,"__str__":"Requerimento n\u00ba 89 de 2019","link_detail_backend":"/materia/381","metadata":{},"numero":89,"ano":2019,"numero_protocolo":null,"data_apresentacao":"2019-03-29","tipo_apresentacao":"E","data_publicacao":null,"numero_origem_externa":"","ano_origem_externa":null,"data_origem_externa":null,"apelido":"","dias_prazo":null,"data_fim_prazo":null,"em_tramitacao":false,"polemica":null,"objeto":"","complementar":null,"ementa":"REQUERER, abono de falta da Sess\u00e3o Ordin\u00e1ria do dia 25 de mar\u00e7o de 2019.","indexacao":"","observacao":"","resultado":"","texto_original":"http://sapl.franciscobeltrao.pr.leg.br/media/sapl/public/materialegislativa/2019/381/camilo_-_requerimento_no_89-19_-_abono_de_falta.doc","data_ultima_atualizacao":"2020-05-01T20:33:11.581480-03:00","ip":"187.60.218.50","ultima_edicao":"2020-05-01T20:31:25.135987-03:00","tipo":1,"regime_tramitacao":4,"tipo_origem_externa":null,"local_origem_externa":null,"user":4,"anexadas":[],"autores":[3]}