{"id":3866,"__str__":"Projeto de Lei Ordin\u00e1ria - Poder Legislativo n\u00ba 8 de 2022","link_detail_backend":"/materia/3866","metadata":{},"numero":8,"ano":2022,"numero_protocolo":293,"data_apresentacao":"2022-04-13","tipo_apresentacao":"E","data_publicacao":null,"numero_origem_externa":"","ano_origem_externa":null,"data_origem_externa":null,"apelido":"","dias_prazo":null,"data_fim_prazo":null,"em_tramitacao":false,"polemica":false,"objeto":"","complementar":false,"ementa":"Altera disposi\u00e7\u00f5es da Lei Municipal n\u00ba 4.096/2013, que institui a Pol\u00edtica Municipal de Prote\u00e7\u00e3o dos Direitos da Pessoa com Transtorno do Espectro Autista em Francisco Beltr\u00e3o, Estado do Paran\u00e1.","indexacao":"","observacao":"","resultado":"","texto_original":"http://sapl.franciscobeltrao.pr.leg.br/media/sapl/public/materialegislativa/2022/3866/projeto_de_lei_008-22_-_autismo_-_jean.doc","data_ultima_atualizacao":"2022-12-19T10:44:40.630924-03:00","ip":"177.101.137.155","ultima_edicao":"2022-04-13T14:58:54.584276-03:00","tipo":18,"regime_tramitacao":1,"tipo_origem_externa":null,"local_origem_externa":null,"user":45,"anexadas":[],"autores":[43]}