{"id":4467,"__str__":"Projeto de Lei Ordin\u00e1ria - Poder Legislativo n\u00ba 5 de 2023","link_detail_backend":"/materia/4467","metadata":{},"numero":5,"ano":2023,"numero_protocolo":41,"data_apresentacao":"2023-02-14","tipo_apresentacao":"E","data_publicacao":null,"numero_origem_externa":"","ano_origem_externa":null,"data_origem_externa":null,"apelido":"","dias_prazo":null,"data_fim_prazo":null,"em_tramitacao":true,"polemica":false,"objeto":"","complementar":false,"ementa":"Institui a Semana Municipal de Conscientiza\u00e7\u00e3o do Transtorno do Espectro Autista, no Munic\u00edpio de Francisco Beltr\u00e3o e d\u00e1 outras provid\u00eancias.","indexacao":"","observacao":"","resultado":"","texto_original":"http://sapl.franciscobeltrao.pr.leg.br/media/sapl/public/materialegislativa/2023/4467/silmar_-_projeto_de_lei_n_005-23_-_semana_autismo.doc","data_ultima_atualizacao":"2023-02-14T10:07:51.323999-03:00","ip":"177.101.137.155","ultima_edicao":"2023-02-14T10:07:51.323643-03:00","tipo":18,"regime_tramitacao":1,"tipo_origem_externa":null,"local_origem_externa":null,"user":2,"anexadas":[],"autores":[11]}