{"id":467,"__str__":"Requerimento n\u00ba 135 de 2019","link_detail_backend":"/materia/467","metadata":{},"numero":135,"ano":2019,"numero_protocolo":null,"data_apresentacao":"2019-06-04","tipo_apresentacao":"E","data_publicacao":null,"numero_origem_externa":"","ano_origem_externa":null,"data_origem_externa":null,"apelido":"","dias_prazo":null,"data_fim_prazo":null,"em_tramitacao":false,"polemica":null,"objeto":"","complementar":null,"ementa":"REQUERER, ap\u00f3s ouvido o plen\u00e1rio, que seja encaminhado Of\u00edcio ao  Executivo Municipal, atrav\u00e9s do Setor Competente, solicitando a rela\u00e7\u00e3o das Unidades de Sa\u00fade com ESF - Estrat\u00e9gia Sa\u00fade da Fam\u00edlia, denomina\u00e7\u00e3o de cada equipe e o CNES (Cadastro Nacional de Estabelecimentos de Sa\u00fade) de cada profissional","indexacao":"","observacao":"","resultado":"","texto_original":"http://sapl.franciscobeltrao.pr.leg.br/media/sapl/public/materialegislativa/2019/467/aires___-_requerimento_no_135-19-_unidades_esf.doc","data_ultima_atualizacao":"2020-05-09T14:13:51.088748-03:00","ip":"187.60.218.50","ultima_edicao":"2020-05-09T14:11:07.393521-03:00","tipo":1,"regime_tramitacao":4,"tipo_origem_externa":null,"local_origem_externa":null,"user":4,"anexadas":[],"autores":[2]}