{"id":46,"__str__":"Requerimento n\u00ba 239 de 2019","link_detail_backend":"/materia/46","metadata":{},"numero":239,"ano":2019,"numero_protocolo":7,"data_apresentacao":"2019-11-18","tipo_apresentacao":"E","data_publicacao":null,"numero_origem_externa":"","ano_origem_externa":null,"data_origem_externa":null,"apelido":"","dias_prazo":null,"data_fim_prazo":null,"em_tramitacao":false,"polemica":null,"objeto":"","complementar":null,"ementa":"REQUERER, ap\u00f3s ouvido o plen\u00e1rio, que seja encaminhado Of\u00edcio \u00e0 Comiss\u00e3o Organizadora da EXPOBEL 2020, solicitando a lista com os valores definidos pela comiss\u00e3o de organiza\u00e7\u00e3o, dos espa\u00e7os locados para o evento, como quiosques, estandartes e demais \u00e1reas.","indexacao":"","observacao":"","resultado":"","texto_original":"http://sapl.franciscobeltrao.pr.leg.br/media/sapl/public/materialegislativa/2019/46/daniela__-_requerimento-no_239-19-_comissao_organ_FvpzUcU.doc","data_ultima_atualizacao":"2019-11-18T10:09:21.030399-03:00","ip":"","ultima_edicao":null,"tipo":1,"regime_tramitacao":4,"tipo_origem_externa":null,"local_origem_externa":null,"user":null,"anexadas":[],"autores":[4]}