{"id":4864,"__str__":"Projeto de Lei Ordin\u00e1ria - Poder Legislativo n\u00ba 39 de 2023","link_detail_backend":"/materia/4864","metadata":{},"numero":39,"ano":2023,"numero_protocolo":443,"data_apresentacao":"2023-06-23","tipo_apresentacao":"E","data_publicacao":null,"numero_origem_externa":"","ano_origem_externa":null,"data_origem_externa":null,"apelido":"","dias_prazo":null,"data_fim_prazo":null,"em_tramitacao":true,"polemica":false,"objeto":"","complementar":false,"ementa":"Disp\u00f5e sobre a reserva para popula\u00e7\u00e3o negra e povos ind\u00edgenas de vagas oferecidas nos concursos p\u00fablicos para provimento de cargos efetivos e empregos p\u00fablicos integrantes dos quadros permanentes de pessoal no \u00e2mbito da administra\u00e7\u00e3o p\u00fablica direta e indireta municipal.","indexacao":"","observacao":"","resultado":"","texto_original":"http://sapl.franciscobeltrao.pr.leg.br/media/sapl/public/materialegislativa/2023/4864/tupy_-_projeto_de_lei_no_039-23_-_reserva_para_negros_e_indigenas1.doc","data_ultima_atualizacao":"2023-08-08T08:18:25.443600-03:00","ip":"177.101.137.155","ultima_edicao":"2023-06-23T13:18:56.932265-03:00","tipo":18,"regime_tramitacao":1,"tipo_origem_externa":null,"local_origem_externa":null,"user":2,"anexadas":[],"autores":[42]}