{"id":5020,"__str__":"Mo\u00e7\u00e3o n\u00ba 21 de 2023","link_detail_backend":"/materia/5020","metadata":{},"numero":21,"ano":2023,"numero_protocolo":602,"data_apresentacao":"2023-09-22","tipo_apresentacao":"E","data_publicacao":null,"numero_origem_externa":"","ano_origem_externa":null,"data_origem_externa":null,"apelido":"","dias_prazo":null,"data_fim_prazo":null,"em_tramitacao":true,"polemica":false,"objeto":"","complementar":false,"ementa":"MO\u00c7\u00c3O DE APLAUSOS \u00e0 Escola Municipal Recanto Feliz e ao CAIC (Centro de Aten\u00e7\u00e3o Integral \u00e0 Crian\u00e7a e ao Adolescente) At\u00edlio Xavier Fontana, pela dedica\u00e7\u00e3o e servi\u00e7os prestados com excel\u00eancia durante seus anos de atividade, com entrega de placa em data a ser agendada.","indexacao":"","observacao":"","resultado":"","texto_original":"http://sapl.franciscobeltrao.pr.leg.br/media/sapl/public/materialegislativa/2023/5020/oberdan_-_mocao_no__21__-_escola_municipal_recanto_feliz_e_ao_caic_centro_de_atencao_integral_a_crianca_e_ao_adolescente_atilio_xavier_fontana.doc","data_ultima_atualizacao":"2023-09-26T11:06:41.297757-03:00","ip":"177.101.137.155","ultima_edicao":"2023-09-26T11:06:41.292333-03:00","tipo":5,"regime_tramitacao":1,"tipo_origem_externa":null,"local_origem_externa":null,"user":48,"anexadas":[],"autores":[45]}