{"id":5262,"__str__":"Requerimento n\u00ba 27 de 2024","link_detail_backend":"/materia/5262","metadata":{},"numero":27,"ano":2024,"numero_protocolo":94,"data_apresentacao":"2024-02-26","tipo_apresentacao":"E","data_publicacao":null,"numero_origem_externa":"","ano_origem_externa":null,"data_origem_externa":null,"apelido":"","dias_prazo":null,"data_fim_prazo":null,"em_tramitacao":true,"polemica":false,"objeto":"","complementar":false,"ementa":"REQUERER, ap\u00f3s ouvido o plen\u00e1rio, seja encaminhado Of\u00edcio ao Executivo Municipal, solicitando seja institu\u00eddo e regulamentado, atrav\u00e9s de Lei Municipal, o Programa Municipal de Interven\u00e7\u00e3o Precoce \u201cTh\u00e9o Benjamim\u201d ao Transtorno do Espectro Autista, no \u00e2mbito do Munic\u00edpio de Francisco Beltr\u00e3o, mediante a contrata\u00e7\u00e3o de empresa especializada em An\u00e1lise do Comportamento Aplicada ao Autismo que forne\u00e7a a estrutura de supervisor, coordenador de equipe e analistas do comportamento para treinamento de pais e todos os professores dos CMEIs de Francisco Beltr\u00e3o, al\u00e9m de atender individualmente, sempre que se fizer necess\u00e1rio, a crian\u00e7a que apresentar sinais e sintomas de transtorno do espectro autista, a fim de submet\u00ea-la a avalia\u00e7\u00e3o dos marcos do desenvolvimento, por meio das escalas de rastreio dos sintomas aut\u00edsticos, e observando seu comportamento entre pares da mesma idade no que se refere a sua intera\u00e7\u00e3o social e comunica\u00e7\u00e3o, entre outras habilidades.","indexacao":"","observacao":"","resultado":"","texto_original":"http://sapl.franciscobeltrao.pr.leg.br/media/sapl/public/materialegislativa/2024/5262/pedro_-_requerimento_no_27-_regulamentacao_intervencao_precoce_autismo.doc","data_ultima_atualizacao":"2024-03-04T11:20:13.739443-03:00","ip":"177.101.137.155","ultima_edicao":"2024-03-04T11:20:13.735294-03:00","tipo":1,"regime_tramitacao":1,"tipo_origem_externa":null,"local_origem_externa":null,"user":48,"anexadas":[],"autores":[46]}