{"id":5309,"__str__":"Emenda n\u00ba 1 de 2024","link_detail_backend":"/materia/5309","metadata":{},"numero":1,"ano":2024,"numero_protocolo":133,"data_apresentacao":"2024-03-11","tipo_apresentacao":"E","data_publicacao":null,"numero_origem_externa":"","ano_origem_externa":null,"data_origem_externa":null,"apelido":"","dias_prazo":null,"data_fim_prazo":null,"em_tramitacao":true,"polemica":false,"objeto":"","complementar":false,"ementa":"\u201cArt. 7\u00b0 Fica estabelecido a isen\u00e7\u00e3o das vagas reservadas de Pessoas com Defici\u00eancia (PCDs) e idosos, bem como todas as que determinam a abrang\u00eancia do Faixa- Azul, mediante apresenta\u00e7\u00e3o de credencial.\u201d","indexacao":"","observacao":"","resultado":"","texto_original":"http://sapl.franciscobeltrao.pr.leg.br/media/sapl/public/materialegislativa/2024/5309/emenda_aditiva_no01-2024_ao_pl_no03-2024_-_tiago_correa.doc","data_ultima_atualizacao":"2024-03-25T15:15:26.084558-03:00","ip":"177.101.137.155","ultima_edicao":"2024-03-25T10:16:42.990677-03:00","tipo":4,"regime_tramitacao":1,"tipo_origem_externa":null,"local_origem_externa":null,"user":48,"anexadas":[],"autores":[49]}