{"id":561,"__str__":"Projeto de Lei Ordin\u00e1ria - Poder Executivo n\u00ba 53 de 2019","link_detail_backend":"/materia/561","metadata":{},"numero":53,"ano":2019,"numero_protocolo":null,"data_apresentacao":"2019-09-10","tipo_apresentacao":"E","data_publicacao":null,"numero_origem_externa":"","ano_origem_externa":null,"data_origem_externa":null,"apelido":"","dias_prazo":null,"data_fim_prazo":null,"em_tramitacao":false,"polemica":null,"objeto":"","complementar":null,"ementa":"Desafeta as \u00e1reas p\u00fablicas e fusiona a \u00e1reas p\u00fablicas de propriedade do MUNIC\u00cdPIO DE FRANCISCO BELTR\u00c3O.","indexacao":"Escola Municipal Pedro Algeri","observacao":"","resultado":"","texto_original":"http://sapl.franciscobeltrao.pr.leg.br/media/sapl/public/materialegislativa/2019/561/053_19_-_pl_-_desafeta_e_fusiona_area_publica.doc","data_ultima_atualizacao":"2020-05-21T13:32:38.836032-03:00","ip":"177.101.137.155","ultima_edicao":"2020-05-21T13:30:41.092887-03:00","tipo":3,"regime_tramitacao":4,"tipo_origem_externa":null,"local_origem_externa":null,"user":2,"anexadas":[],"autores":[]}