{"id":5831,"__str__":"Requerimento n\u00ba 34 de 2025","link_detail_backend":"/materia/5831","metadata":{},"numero":34,"ano":2025,"numero_protocolo":168,"data_apresentacao":"2025-02-05","tipo_apresentacao":"E","data_publicacao":null,"numero_origem_externa":"","ano_origem_externa":null,"data_origem_externa":null,"apelido":"","dias_prazo":null,"data_fim_prazo":null,"em_tramitacao":true,"polemica":false,"objeto":"","complementar":false,"ementa":"REQUERER, ap\u00f3s ouvido o plen\u00e1rio, que seja encaminhado of\u00edcio ao Poder Executivo, bem como SANEPAR \u2013 Companhia de Saneamento do Paran\u00e1, para que forne\u00e7am informa\u00e7\u00f5es detalhadas sobre as a\u00e7\u00f5es e medidas planejadas para melhorias ou amplia\u00e7\u00e3o no tratamento de \u00e1gua no munic\u00edpio, conforme as seguintes quest\u00f5es:\r\n1.\tExiste algum planejamento ou projeto em andamento para a amplia\u00e7\u00e3o e melhoria da capacidade do fornecimento de \u00e1gua em Francisco Beltr\u00e3o, nos casos em que ocorre falta de abastecimento e o retorno da \u00e1gua \u00e9 com colora\u00e7\u00e3o turva?\r\n2.\tQuais investimentos est\u00e3o sendo feitos para modernizar e adequar as esta\u00e7\u00f5es de tratamento de \u00e1gua do munic\u00edpio?\r\n3.\tQuais medidas est\u00e3o sendo adotadas pela SANEPAR para garantir que o tratamento da \u00e1gua, em momentos de interrup\u00e7\u00e3o no fornecimento, n\u00e3o resulte em \u00e1gua com impurezas, como tem sido registrado por moradores da cidade?\r\n4.\tQual \u00e9 o procedimento da SANEPAR para assegurar a qualidade da \u00e1gua distribu\u00edda ap\u00f3s per\u00edodos de interrup\u00e7\u00e3o do abastecimento?","indexacao":"","observacao":"","resultado":"","texto_original":"http://sapl.franciscobeltrao.pr.leg.br/media/sapl/public/materialegislativa/2025/5831/aline__-_requerimento_no_34-2025_-_sanepar_-_melhorias_tratamento_da_agua.docx","data_ultima_atualizacao":"2025-02-07T11:32:47.068363-03:00","ip":"177.101.137.155","ultima_edicao":"2025-02-07T11:32:47.066688-03:00","tipo":1,"regime_tramitacao":1,"tipo_origem_externa":null,"local_origem_externa":null,"user":52,"anexadas":[],"autores":[62,65,66]}