{"id":5987,"__str__":"Emenda n\u00ba 1 de 2025","link_detail_backend":"/materia/5987","metadata":{},"numero":1,"ano":2025,"numero_protocolo":347,"data_apresentacao":"2025-02-24","tipo_apresentacao":"E","data_publicacao":null,"numero_origem_externa":"","ano_origem_externa":null,"data_origem_externa":null,"apelido":"","dias_prazo":null,"data_fim_prazo":null,"em_tramitacao":true,"polemica":false,"objeto":"","complementar":false,"ementa":"EMENDA MODIFICATIVA N\u00ba 001/25 AO PROJETO DE LEI N\u00ba 05/2025 DO EXECUTIVO.\r\n\r\nEMENDA MODIFICATIVA 001/2025 ao Projeto de Lei n\u00ba 05/25 do Executivo, alterando o ANEXO de que trata o art. 4\u00ba do projeto, com a seguinte reda\u00e7\u00e3o:\r\n\r\nANEXO\r\n\r\nDOS VALORES DA BOLSA-AUX\u00cdLIO E DO AUX\u00cdLIO TRANSPORTE\r\n\r\nEnsino m\u00e9dio regular, da educa\u00e7\u00e3o especial e dos anos finais do ensino fundamental, na modalidade profissional da educa\u00e7\u00e3o de jovens e adultos\r\nJornada 20h\tBolsa-Aux\u00edlio - R$ 540,00\tAux\u00edlio Transporte - R$ 100,00\r\nJornada 30h\tBolsa-Aux\u00edlio - R$ 810,00\tAux\u00edlio Transporte - R$ 100,00\r\nEduca\u00e7\u00e3o profissional de n\u00edvel m\u00e9dio\t\r\nJornada 20h\tBolsa-Aux\u00edlio - R$ 570,00\tAux\u00edlio Transporte - R$ 100,00\r\nJornada 30h\tBolsa-Aux\u00edlio - R$ 855,00\tAux\u00edlio Transporte - R$ 100,00\r\nEnsino superior \u2013 gradua\u00e7\u00e3o\t\r\nJornada 20h\tBolsa-Aux\u00edlio - R$ 610,00\tAux\u00edlio Transporte - R$ 100,00\r\nJornada 30h\tBolsa-Aux\u00edlio - R$ 915,00\tAux\u00edlio Transporte - R$ 100,00\r\nEnsino superior \u2013 p\u00f3s-gradua\u00e7\u00e3o\t\r\nJornada 20h\tBolsa-Aux\u00edlio - R$ 690,00\tAux\u00edlio Transporte - R$ 100,00\r\nJornada 30h\tBolsa-Aux\u00edlio - R$ 1.035,00\tAux\u00edlio Transporte - R$ 100,00","indexacao":"","observacao":"","resultado":"","texto_original":"http://sapl.franciscobeltrao.pr.leg.br/media/sapl/public/materialegislativa/2025/5987/emenda_modificativa_no_001-25_ao_projeto_de_lei_no_05-2025_-_tiago_-_silamr_e_julio.docx","data_ultima_atualizacao":"2025-02-24T18:29:56.887134-03:00","ip":"177.101.137.155","ultima_edicao":"2025-02-24T18:29:56.884038-03:00","tipo":4,"regime_tramitacao":3,"tipo_origem_externa":null,"local_origem_externa":null,"user":53,"anexadas":[5911],"autores":[13]}