{"id":605,"__str__":"Indica\u00e7\u00e3o n\u00ba 6 de 2019","link_detail_backend":"/materia/605","metadata":{},"numero":6,"ano":2019,"numero_protocolo":null,"data_apresentacao":"2019-01-28","tipo_apresentacao":"E","data_publicacao":null,"numero_origem_externa":"","ano_origem_externa":null,"data_origem_externa":null,"apelido":"","dias_prazo":null,"data_fim_prazo":null,"em_tramitacao":false,"polemica":null,"objeto":"","complementar":null,"ementa":"INDICAR, que o Executivo Municipal, ap\u00f3s estudos junto ao DEBETRAN - Departamento Beltronense de Tr\u00e2nsito, proceda a aplicabilidade da Lei n\u00ba 3.345/2007, referente a fiscaliza\u00e7\u00e3o e implanta\u00e7\u00e3o do estacionamento regulamentado Faixa Azul na Avenida J\u00falio Assis Cavalheiro, mais especificamente no trecho entre a Rua Palmas e Av. Luiz Ant\u00f4nio Faedo.","indexacao":"","observacao":"","resultado":"","texto_original":"http://sapl.franciscobeltrao.pr.leg.br/media/sapl/public/materialegislativa/2019/605/ze_carlos_-_indicacao_no_006-19_-_faixa_azul_na_avenida_julio_assis_cavalheiro.doc","data_ultima_atualizacao":"2020-05-22T14:04:39.623146-03:00","ip":"186.250.37.221","ultima_edicao":"2020-05-22T14:03:48.852977-03:00","tipo":2,"regime_tramitacao":4,"tipo_origem_externa":null,"local_origem_externa":null,"user":4,"anexadas":[],"autores":[7]}