{"id":6621,"__str__":"Requerimento n\u00ba 284 de 2025","link_detail_backend":"/materia/6621","metadata":{},"numero":284,"ano":2025,"numero_protocolo":864,"data_apresentacao":"2025-05-28","tipo_apresentacao":"E","data_publicacao":null,"numero_origem_externa":"","ano_origem_externa":null,"data_origem_externa":null,"apelido":"","dias_prazo":null,"data_fim_prazo":null,"em_tramitacao":true,"polemica":false,"objeto":"","complementar":false,"ementa":"REQUERER, seja expedido of\u00edcio ao Executivo, para que atrav\u00e9s do setor competente, para que nos informe, sobre poss\u00edvel implementa\u00e7\u00e3o de um projeto de arboriza\u00e7\u00e3o urbana no munic\u00edpio, com prioridade para o entorno das unidades escolares, aliado a a\u00e7\u00f5es de educa\u00e7\u00e3o ambiental e participa\u00e7\u00e3o da comunidade. Caso o projeto j\u00e1 esteja em desenvolvimento, qual a previs\u00e3o de in\u00edcio dessas a\u00e7\u00f5es.","indexacao":"","observacao":"","resultado":"","texto_original":"http://sapl.franciscobeltrao.pr.leg.br/media/sapl/public/materialegislativa/2025/6621/maria_de_fatima_-_requerimento_no_284-25__planejamento_de_arborizacao_em_torno_das_escolas.docx","data_ultima_atualizacao":"2025-06-16T15:28:15.591705-03:00","ip":"177.101.137.155","ultima_edicao":"2025-06-16T15:28:15.589337-03:00","tipo":1,"regime_tramitacao":1,"tipo_origem_externa":null,"local_origem_externa":null,"user":52,"anexadas":[],"autores":[61]}