{"id":6721,"__str__":"Indica\u00e7\u00e3o n\u00ba 487 de 2025","link_detail_backend":"/materia/6721","metadata":{},"numero":487,"ano":2025,"numero_protocolo":1009,"data_apresentacao":"2025-06-30","tipo_apresentacao":"E","data_publicacao":null,"numero_origem_externa":"","ano_origem_externa":null,"data_origem_externa":null,"apelido":"","dias_prazo":null,"data_fim_prazo":null,"em_tramitacao":true,"polemica":false,"objeto":"","complementar":false,"ementa":"INDICAR, ao Executivo Municipal, que, por meio dos \u00f3rg\u00e3os competentes, sejam inclu\u00eddas no pr\u00f3ximo concurso p\u00fablico municipal as seguintes vagas, considerando as demandas da \u00e1rea da educa\u00e7\u00e3o e da sa\u00fade:\r\n\u2022\t1 (um) profissional de Psicologia para cada institui\u00e7\u00e3o de ensino da rede municipal de Francisco Beltr\u00e3o, com o objetivo de promover o acompanhamento psicol\u00f3gico de alunos, professores e demais membros da comunidade escolar;\r\n\u2022\tVagas espec\u00edficas para Professor de Apoio, de forma a garantir o atendimento adequado \u00e0s crian\u00e7as com defici\u00eancia, transtornos globais do desenvolvimento e altas habilidades/superdota\u00e7\u00e3o, assegurando os direitos previstos na Pol\u00edtica Nacional de Educa\u00e7\u00e3o Especial na Perspectiva da Educa\u00e7\u00e3o Inclusiva;\r\n\u2022\tProfissionais Fonoaudi\u00f3logos(as) em n\u00famero suficiente para atender as demandas reprimidas e atualmente desassistidas no munic\u00edpio, promovendo diagn\u00f3stico e interven\u00e7\u00f5es essenciais no desenvolvimento da linguagem e da comunica\u00e7\u00e3o, especialmente no contexto escolar.","indexacao":"","observacao":"","resultado":"","texto_original":"http://sapl.franciscobeltrao.pr.leg.br/media/sapl/public/materialegislativa/2025/6721/marcos__e_mara_-_indicacao_no_487-25_-__vagas_concurso_publico.docx","data_ultima_atualizacao":"2025-07-01T17:09:17.031644-03:00","ip":"177.101.137.155","ultima_edicao":"2025-07-01T17:09:17.029460-03:00","tipo":2,"regime_tramitacao":1,"tipo_origem_externa":null,"local_origem_externa":null,"user":2,"anexadas":[],"autores":[68,11]}