{"id":6762,"__str__":"Indica\u00e7\u00e3o n\u00ba 497 de 2025","link_detail_backend":"/materia/6762","metadata":{},"numero":497,"ano":2025,"numero_protocolo":1046,"data_apresentacao":"2025-07-08","tipo_apresentacao":"E","data_publicacao":null,"numero_origem_externa":"","ano_origem_externa":null,"data_origem_externa":null,"apelido":"","dias_prazo":null,"data_fim_prazo":null,"em_tramitacao":true,"polemica":false,"objeto":"","complementar":false,"ementa":"INDICAR, ao Executivo Municipal, Executivo Municipal que estude a possibilidade de denominar vias p\u00fablicas ainda sem nomina\u00e7\u00e3o oficial com os nomes:\r\n\u2022\tRenita Errene Cadore,\r\n\u2022\tGenilde Montagna Cadore.\r\nA presente indica\u00e7\u00e3o tem como objetivo homenagear duas mulheres cuja hist\u00f3ria de vida representa exemplo de generosidade, coragem, trabalho e dedica\u00e7\u00e3o \u00e0 fam\u00edlia, \u00e0 comunidade e ao munic\u00edpio de Francisco Beltr\u00e3o/PR.","indexacao":"","observacao":"","resultado":"","texto_original":"http://sapl.franciscobeltrao.pr.leg.br/media/sapl/public/materialegislativa/2025/6762/fernando_-_indicacao_no497-25_-_estude_a_possibilidade_de_denominar_vias_publicas_ainda_sem_nominacao_oficial_com_os_nomes.docx","data_ultima_atualizacao":"2025-07-09T09:24:18.039490-03:00","ip":"177.101.137.155","ultima_edicao":"2025-07-09T09:24:18.037801-03:00","tipo":2,"regime_tramitacao":1,"tipo_origem_externa":null,"local_origem_externa":null,"user":2,"anexadas":[],"autores":[58]}