{"id":6812,"__str__":"Requerimento n\u00ba 351 de 2025","link_detail_backend":"/materia/6812","metadata":{},"numero":351,"ano":2025,"numero_protocolo":1109,"data_apresentacao":"2025-07-29","tipo_apresentacao":"E","data_publicacao":null,"numero_origem_externa":"","ano_origem_externa":null,"data_origem_externa":null,"apelido":"","dias_prazo":null,"data_fim_prazo":null,"em_tramitacao":true,"polemica":false,"objeto":"","complementar":false,"ementa":"REQUERER, ap\u00f3s ouvido o Plen\u00e1rio, que seja encaminhado of\u00edcio a Secret\u00e1ria Municipal de Educa\u00e7\u00e3o Sr. Rosa Vandresen, convidando a mesma para que compare\u00e7a a esta C\u00e2mara Municipal, em data a ser agendada, com o objetivo de prestar esclarecimentos e apresentar informa\u00e7\u00f5es sobre as a\u00e7\u00f5es desenvolvidas pela Secretaria Municipal de Educa\u00e7\u00e3o, especialmente no que se refere \u00e0 Educa\u00e7\u00e3o Especial no Munic\u00edpio de Francisco Beltr\u00e3o.","indexacao":"","observacao":"","resultado":"","texto_original":"http://sapl.franciscobeltrao.pr.leg.br/media/sapl/public/materialegislativa/2025/6812/marcos_-_requerimento_no__351-25_secretaria_educacao_especial.doc","data_ultima_atualizacao":"2025-08-04T17:02:20.582460-03:00","ip":"177.101.137.155","ultima_edicao":"2025-08-04T17:02:20.580659-03:00","tipo":1,"regime_tramitacao":1,"tipo_origem_externa":null,"local_origem_externa":null,"user":52,"anexadas":[],"autores":[68]}