{"id":6816,"__str__":"Requerimento n\u00ba 355 de 2025","link_detail_backend":"/materia/6816","metadata":{},"numero":355,"ano":2025,"numero_protocolo":1111,"data_apresentacao":"2025-07-29","tipo_apresentacao":"E","data_publicacao":null,"numero_origem_externa":"","ano_origem_externa":null,"data_origem_externa":null,"apelido":"","dias_prazo":null,"data_fim_prazo":null,"em_tramitacao":true,"polemica":false,"objeto":"","complementar":false,"ementa":"REQUERER, ap\u00f3s ouvido o plen\u00e1rio, a instaura\u00e7\u00e3o de Comiss\u00e3o Especial de Combate \u00e0 Polui\u00e7\u00e3o Visual causada por Cabos de Telecomunica\u00e7\u00e3o, para atuar no acompanhamento, fiscaliza\u00e7\u00e3o e proposi\u00e7\u00e3o de medidas relacionadas ao excesso de cabos, fios soltos e instala\u00e7\u00f5es irregulares em postes no Munic\u00edpio de Francisco Beltr\u00e3o.","indexacao":"","observacao":"","resultado":"","texto_original":"http://sapl.franciscobeltrao.pr.leg.br/media/sapl/public/materialegislativa/2025/6816/cidao_-_requerimento_no_355_-_25_-_criacao_de_comissao_especial_poluicao_visual.docx","data_ultima_atualizacao":"2025-08-04T17:12:25.665689-03:00","ip":"177.101.137.155","ultima_edicao":"2025-08-04T17:12:25.661230-03:00","tipo":1,"regime_tramitacao":1,"tipo_origem_externa":null,"local_origem_externa":null,"user":52,"anexadas":[],"autores":[41]}