{"id":7465,"__str__":"Mo\u00e7\u00e3o n\u00ba 10 de 2026","link_detail_backend":"/materia/7465","metadata":{},"numero":10,"ano":2026,"numero_protocolo":125,"data_apresentacao":"2026-02-06","tipo_apresentacao":"E","data_publicacao":null,"numero_origem_externa":"","ano_origem_externa":null,"data_origem_externa":null,"apelido":"","dias_prazo":null,"data_fim_prazo":null,"em_tramitacao":true,"polemica":false,"objeto":"","complementar":false,"ementa":"MO\u00c7\u00c3O DE APLAUSOS ao Centro de Apoio Pedag\u00f3gico para Atendimento \u00e0s Pessoas com Defici\u00eancia Visual de Francisco Beltr\u00e3o \u2013 CAP.","indexacao":"","observacao":"","resultado":"","texto_original":"http://sapl.franciscobeltrao.pr.leg.br/media/sapl/public/materialegislativa/2026/7465/marcos_-_mocao_de_aplausos_no__10-2026_-_cap_-_centro_de_apoio_pedagogico_para_atendimento_as_pessoas_com_deficiencia_visual.doc","data_ultima_atualizacao":"2026-02-09T10:40:48.262533-03:00","ip":"177.101.137.155","ultima_edicao":"2026-02-09T10:40:48.261333-03:00","tipo":5,"regime_tramitacao":1,"tipo_origem_externa":null,"local_origem_externa":null,"user":52,"anexadas":[],"autores":[68]}