{"id":7507,"__str__":"Requerimento n\u00ba 46 de 2026","link_detail_backend":"/materia/7507","metadata":{},"numero":46,"ano":2026,"numero_protocolo":54,"data_apresentacao":"2026-01-22","tipo_apresentacao":"E","data_publicacao":null,"numero_origem_externa":"","ano_origem_externa":null,"data_origem_externa":null,"apelido":"","dias_prazo":null,"data_fim_prazo":null,"em_tramitacao":false,"polemica":false,"objeto":"","complementar":false,"ementa":"REQUERER, ap\u00f3s ouvido o Plen\u00e1rio, seja realizada Audi\u00eancia P\u00fablica nesta Casa Legislativa, com a participa\u00e7\u00e3o da Secretaria Municipal de Sa\u00fade, Secretaria Municipal de Educa\u00e7\u00e3o, Secretaria Municipal de Assist\u00eancia Social, Conselho Municipal dos Direitos da Pessoa com Defici\u00eancia, profissionais especializados, entidades representativas, familiares de pessoas com Transtorno do Espectro Autista (TEA) e demais interessados, com a finalidade de discutir a atual situa\u00e7\u00e3o dos atendimentos, servi\u00e7os, estrutura dispon\u00edvel, demandas existentes e poss\u00edveis encaminhamentos voltados \u00e0s pessoas com TEA no Munic\u00edpio de Francisco Beltr\u00e3o.","indexacao":"","observacao":"","resultado":"","texto_original":"http://sapl.franciscobeltrao.pr.leg.br/media/sapl/public/materialegislativa/2026/7507/pedro_e_aline_-_requerimento_no_46-2026_-audiencia_publica_tea.doc","data_ultima_atualizacao":"2026-04-17T10:21:19.752583-03:00","ip":"177.101.137.155","ultima_edicao":"2026-02-23T16:54:31.657802-03:00","tipo":1,"regime_tramitacao":1,"tipo_origem_externa":null,"local_origem_externa":null,"user":52,"anexadas":[],"autores":[75,62,61,46,11]}