{"id":7561,"__str__":"Emenda n\u00ba 4 de 2026","link_detail_backend":"/materia/7561","metadata":{},"numero":4,"ano":2026,"numero_protocolo":255,"data_apresentacao":"2026-03-06","tipo_apresentacao":"E","data_publicacao":null,"numero_origem_externa":"","ano_origem_externa":null,"data_origem_externa":null,"apelido":"","dias_prazo":null,"data_fim_prazo":null,"em_tramitacao":true,"polemica":false,"objeto":"","complementar":false,"ementa":"EMENDA MODIFICATIVA 001/2026 ao Projeto de Lei N\u00ba 11/2026 do Legislativo, para alterar o  par\u00e1grafo primeiro do Art. 1\u00ba, o qual passa a vigorar com a seguinte reda\u00e7\u00e3o:\r\n\r\nArt. 1\u00ba. [...]\r\n\u00a7 1\u00ba Para os fins desta Lei, consideram-se m\u00e3es at\u00edpicas aquelas que possuem filhos com Transtorno do Espectro Autista (TEA), outros transtornos globais do desenvolvimento ou defici\u00eancia, devidamente comprovados por laudo m\u00e9dico especializado, bem como as m\u00e3es que possuam diagn\u00f3stico de Transtorno do Espectro Autista (TEA), igualmente comprovado por laudo m\u00e9dico.","indexacao":"","observacao":"","resultado":"","texto_original":"http://sapl.franciscobeltrao.pr.leg.br/media/sapl/public/materialegislativa/2026/7561/aline_-_emenda_modificativa_n.o_01-2026_ao_projeto_de_lei_n.o_11-2026_do_legislativo.docx","data_ultima_atualizacao":"2026-03-08T11:58:46.540865-03:00","ip":"187.60.223.220","ultima_edicao":"2026-03-08T11:58:46.539354-03:00","tipo":4,"regime_tramitacao":1,"tipo_origem_externa":null,"local_origem_externa":null,"user":53,"anexadas":[],"autores":[62]}