{"id":7601,"__str__":"Emenda n\u00ba 13 de 2026","link_detail_backend":"/materia/7601","metadata":{},"numero":13,"ano":2026,"numero_protocolo":289,"data_apresentacao":"2026-03-16","tipo_apresentacao":"E","data_publicacao":null,"numero_origem_externa":"","ano_origem_externa":null,"data_origem_externa":null,"apelido":"","dias_prazo":null,"data_fim_prazo":null,"em_tramitacao":true,"polemica":false,"objeto":"","complementar":false,"ementa":"EMENDA MODIFICATIVA 002/2026 \u00e0 Proposta de Emenda Lei Org\u00e2nica n\u00ba. 01/2026, para alterar o par\u00e1grafo \u00fanico e incisos do art. 3\u00ba, que passam a vigorar com a seguinte reda\u00e7\u00e3o:\r\nArt. 3\u00ba (...)\r\nPar\u00e1grafo \u00fanico. Fica adotada a identidade visual da Bandeira do Munic\u00edpio como instrumento de representa\u00e7\u00e3o permanente da logomarca do Governo do Munic\u00edpio de Francisco Beltr\u00e3o, obedecidos os seguintes crit\u00e9rios:\r\nI - a representa\u00e7\u00e3o emblem\u00e1tica de que trata este par\u00e1grafo \u00fanico ser\u00e1 adotada por todas as gest\u00f5es de governo, de forma cont\u00ednua e permanente;\r\nII - veda-se a utiliza\u00e7\u00e3o de logomarcas, slogans, cores ou crit\u00e9rios de estiliza\u00e7\u00e3o que busquem estabelecer identidade visual pr\u00f3pria de uma gest\u00e3o espec\u00edfica, devendo a publicidade institucional do Munic\u00edpio pautar-se exclusivamente pelos s\u00edmbolos oficiais e pelo car\u00e1ter informativo, educativo ou de orienta\u00e7\u00e3o social.","indexacao":"","observacao":"","resultado":"","texto_original":"http://sapl.franciscobeltrao.pr.leg.br/media/sapl/public/materialegislativa/2026/7601/emenda_modificativa_n_02-26_ao_plo_01-26.pdf","data_ultima_atualizacao":"2026-03-17T16:03:09.875845-03:00","ip":"177.101.137.155","ultima_edicao":"2026-03-17T16:03:09.871490-03:00","tipo":4,"regime_tramitacao":2,"tipo_origem_externa":null,"local_origem_externa":null,"user":53,"anexadas":[],"autores":[68]}