{"id":1592,"__str__":"Requerimento n\u00ba 242 de 2021 | Proposi\u00e7\u00e3o Deliberada e Encaminhada ao \u00d3rg\u00e3o Competente | 21/09/2021","link_detail_backend":"/materia/tramitacao/1592","metadata":{},"timestamp":"2021-09-21T14:12:05.436098-03:00","data_tramitacao":"2021-09-21","data_encaminhamento":null,"urgente":false,"turno":"","texto":"","data_fim_prazo":null,"ip":"177.101.137.155","ultima_edicao":"2021-09-21T14:11:43.431468-03:00","status":54,"materia":3320,"unidade_tramitacao_local":26,"unidade_tramitacao_destino":1,"user":2}